{"id":80290,"date":"2026-09-01T09:21:13","date_gmt":"2026-09-01T12:21:13","guid":{"rendered":"https:\/\/rhevistarh.com.br\/portal\/?p=80290"},"modified":"2026-09-01T09:33:51","modified_gmt":"2026-09-01T12:33:51","slug":"setembro-verde-inclusao-de-pcd-comeca-quando-a-empresa-deixa-de-olhar-apenas-para-a-cot","status":"publish","type":"post","link":"https:\/\/rhevistarh.com.br\/portal\/setembro-verde-inclusao-de-pcd-comeca-quando-a-empresa-deixa-de-olhar-apenas-para-a-cot\/","title":{"rendered":"Setembro Verde: inclus\u00e3o de PcD come\u00e7a quando a empresa deixa de olhar apenas para a cota"},"content":{"rendered":"<div class=\"g g-1\"><div class=\"g-single a-34\"><a class=\"gofollow\" data-track=\"MzQsMSwxMA==\" href=\"https:\/\/www.contatoanonimo.com.br\" target=\"_blank\" rel=\"noopener\"><img loading=\"lazy\" decoding=\"async\" class=\"aligncenter wp-image-79937 size-full\" src=\"https:\/\/www.rhevistarh.com.br\/portal\/wp-content\/uploads\/2026\/04\/novo_reportit_720_90_2.png\" alt=\"\" width=\"720\" height=\"90\" srcset=\"https:\/\/rhevistarh.com.br\/portal\/wp-content\/uploads\/2026\/04\/novo_reportit_720_90_2.png 720w, https:\/\/rhevistarh.com.br\/portal\/wp-content\/uploads\/2026\/04\/novo_reportit_720_90_2-300x38.png 300w\" sizes=\"auto, (max-width: 720px) 100vw, 720px\" \/><\/a><\/div><\/div>\n<hr \/>\n<p class=\"isSelectedEnd\" style=\"text-align: justify;\">Setembro Verde \u00e9 um convite para que organiza\u00e7\u00f5es transformem inten\u00e7\u00e3o em inclus\u00e3o real. Mais do que uma campanha de conscientiza\u00e7\u00e3o, o per\u00edodo \u2014 associado ao dia 21 de setembro, institu\u00eddo como Dia Nacional de Luta da Pessoa com Defici\u00eancia \u2014 refor\u00e7a que acessibilidade, respeito e igualdade de oportunidades devem fazer parte da rotina das empresas. <a href=\"https:\/\/www.planalto.gov.br\/ccivil_03\/_ato2004-2006\/2005\/lei\/l11133.htm\" target=\"_blank\" rel=\"noopener\">Lei n\u00ba 11.133\/2005<\/a><\/p>\n<p class=\"isSelectedEnd\" style=\"text-align: justify;\">No ambiente de trabalho, ainda \u00e9 comum reduzir o debate \u00e0 reserva legal de vagas. A chamada Lei de Cotas exige que empresas com 100 ou mais empregados preencham de 2% a 5% de seus cargos com pessoas com defici\u00eancia ou benefici\u00e1rios reabilitados da Previd\u00eancia Social, conforme o porte da organiza\u00e7\u00e3o. O cumprimento dessa obriga\u00e7\u00e3o \u00e9 essencial, mas n\u00e3o encerra o dever de inclus\u00e3o. <a href=\"https:\/\/www.planalto.gov.br\/ccivil_03\/leis\/l8213compilado.htm\" target=\"_blank\" rel=\"noopener\">Lei n\u00ba 8.213\/1991, art. 93<\/a><\/p>\n<p class=\"isSelectedEnd\" style=\"text-align: justify;\">A Lei Brasileira de Inclus\u00e3o \u00e9 clara: a pessoa com defici\u00eancia tem direito ao trabalho de livre escolha e aceita\u00e7\u00e3o, em ambiente acess\u00edvel e inclusivo, com igualdade de oportunidades. A prote\u00e7\u00e3o alcan\u00e7a todas as etapas da rela\u00e7\u00e3o de trabalho \u2014 recrutamento, sele\u00e7\u00e3o, admiss\u00e3o, exames, perman\u00eancia, capacita\u00e7\u00e3o, promo\u00e7\u00e3o e reabilita\u00e7\u00e3o \u2014 e veda exig\u00eancias de \u201captid\u00e3o plena\u201d que possam excluir indevidamente candidatos. <a href=\"https:\/\/www.planalto.gov.br\/ccivil_03\/_ato2015-2018\/2015\/lei\/l13146.htm\">Lei n\u00ba 13.146\/2015<\/a><\/p>\n<p class=\"isSelectedEnd\" style=\"text-align: justify;\">Isso exige uma mudan\u00e7a de pergunta. Em vez de questionar apenas \u201ccomo preencher a cota?\u201d, a empresa deve perguntar: nossas vagas, processos seletivos, sistemas, treinamentos, espa\u00e7os f\u00edsicos, formas de comunica\u00e7\u00e3o e crit\u00e9rios de crescimento profissional permitem que pessoas com defici\u00eancia ingressem, permane\u00e7am e se desenvolvam?<\/p>\n<p class=\"isSelectedEnd\" style=\"text-align: justify;\">A resposta passa por medidas concretas: eliminar barreiras arquitet\u00f4nicas, comunicacionais, digitais e atitudinais; adotar recursos de tecnologia assistiva; promover adapta\u00e7\u00f5es razo\u00e1veis quando necess\u00e1rias; preparar lideran\u00e7as e equipes; e ouvir as pr\u00f3prias pessoas com defici\u00eancia sobre obst\u00e1culos e oportunidades de melhoria. Inclus\u00e3o n\u00e3o \u00e9 tratar todos de forma id\u00eantica; \u00e9 assegurar condi\u00e7\u00f5es efetivas para que cada pessoa participe e entregue seu potencial.<\/p>\n<p class=\"isSelectedEnd\" style=\"text-align: justify;\">RH, Jur\u00eddico, SST e as lideran\u00e7as operacionais precisam atuar de forma integrada. O RH estrutura recrutamento, desenvolvimento e carreira; o Jur\u00eddico orienta a conformidade e previne pr\u00e1ticas discriminat\u00f3rias; a SST avalia a compatibilidade entre atividade, posto e condi\u00e7\u00f5es de trabalho, sem converter a defici\u00eancia em presun\u00e7\u00e3o autom\u00e1tica de incapacidade; e a lideran\u00e7a torna a cultura inclusiva \u2014 ou excludente \u2014 na experi\u00eancia cotidiana.<\/p>\n<p class=\"isSelectedEnd\" style=\"text-align: justify;\">Tamb\u00e9m \u00e9 importante abandonar abordagens paternalistas. A pessoa com defici\u00eancia n\u00e3o deve ser vista como benefici\u00e1ria de uma concess\u00e3o, mas como profissional, cidad\u00e3 e sujeito de direitos. Quando a organiza\u00e7\u00e3o valoriza compet\u00eancia, autonomia e diversidade de experi\u00eancias, amplia sua capacidade de inovar, compreender clientes e construir rela\u00e7\u00f5es de trabalho mais humanas.<\/p>\n<p class=\"isSelectedEnd\" style=\"text-align: justify;\">Setembro Verde, portanto, n\u00e3o deve terminar em uma palestra ou em uma publica\u00e7\u00e3o nas redes sociais. Seu resultado mais relevante \u00e9 deixar um compromisso permanente: fazer da inclus\u00e3o uma pr\u00e1tica mensur\u00e1vel, acess\u00edvel e presente em cada decis\u00e3o de gest\u00e3o de pessoas.<\/p>\n<p style=\"text-align: justify;\"><strong>Incluir \u00e9 cumprir a lei. Mas incluir de verdade \u00e9 criar condi\u00e7\u00f5es para que ningu\u00e9m precise superar barreiras que a pr\u00f3pria organiza\u00e7\u00e3o poderia ter removido.<\/strong><\/p>\n<p>Equipe Revista RH<\/p>\n<hr \/>\n<p>&nbsp;<\/p>\n","protected":false},"excerpt":{"rendered":"<p>No ambiente de trabalho, ainda \u00e9 comum reduzir o debate \u00e0 reserva legal de vagas. A chamada Lei de Cotas exige que empresas com 100 ou mais empregados preencham de 2% a 5% de seus cargos com pessoas com defici\u00eancia ou benefici\u00e1rios reabilitados da Previd\u00eancia Social, conforme o porte da organiza\u00e7\u00e3o.<\/p>\n","protected":false},"author":8,"featured_media":80298,"comment_status":"open","ping_status":"open","sticky":false,"template":"","format":"standard","meta":{"_monsterinsights_skip_tracking":false,"_uf_show_specific_survey":0,"_uf_disable_surveys":false,"footnotes":""},"categories":[1],"tags":[3030,5802,2545,6594],"class_list":["post-80290","post","type-post","status-publish","format-standard","has-post-thumbnail","hentry","category-noticias","tag-destaque","tag-inclusao","tag-pcd","tag-setembro-verde","entry"],"aioseo_notices":[],"aioseo_head":"\n\t\t<!-- All in One SEO 4.9.10 - aioseo.com -->\n\t<meta name=\"description\" content=\"No ambiente de trabalho, ainda \u00e9 comum reduzir o debate \u00e0 reserva legal de vagas. A chamada Lei de Cotas exige que empresas com 100 ou mais empregados preencham de 2% a 5% de seus cargos com pessoas com defici\u00eancia ou benefici\u00e1rios reabilitados da Previd\u00eancia Social, conforme o porte da organiza\u00e7\u00e3o.\" \/>\n\t<meta name=\"robots\" content=\"max-image-preview:large\" \/>\n\t<meta name=\"author\" content=\"Revista RH\"\/>\n\t<link rel=\"canonical\" href=\"https:\/\/rhevistarh.com.br\/portal\/setembro-verde-inclusao-de-pcd-comeca-quando-a-empresa-deixa-de-olhar-apenas-para-a-cot\/\" \/>\n\t<meta name=\"generator\" content=\"All in One SEO (AIOSEO) 4.9.10\" \/>\n\t\t<meta property=\"og:locale\" content=\"pt_BR\" \/>\n\t\t<meta property=\"og:site_name\" content=\"Revista RH \u2192 Portal de Gente &amp; Gest\u00e3o\" \/>\n\t\t<meta property=\"og:type\" content=\"article\" \/>\n\t\t<meta property=\"og:title\" content=\"Setembro Verde: inclus\u00e3o de PcD come\u00e7a quando a empresa deixa de olhar apenas para a cota \u2192 Revista RH\" \/>\n\t\t<meta property=\"og:description\" content=\"No ambiente de trabalho, ainda \u00e9 comum reduzir o debate \u00e0 reserva legal de vagas. A chamada Lei de Cotas exige que empresas com 100 ou mais empregados preencham de 2% a 5% de seus cargos com pessoas com defici\u00eancia ou benefici\u00e1rios reabilitados da Previd\u00eancia Social, conforme o porte da organiza\u00e7\u00e3o.\" \/>\n\t\t<meta property=\"og:url\" content=\"https:\/\/rhevistarh.com.br\/portal\/setembro-verde-inclusao-de-pcd-comeca-quando-a-empresa-deixa-de-olhar-apenas-para-a-cot\/\" \/>\n\t\t<meta property=\"og:image\" content=\"https:\/\/rhevistarh.com.br\/portal\/wp-content\/uploads\/2026\/09\/artigo_pcd_2026.png\" \/>\n\t\t<meta property=\"og:image:secure_url\" content=\"https:\/\/rhevistarh.com.br\/portal\/wp-content\/uploads\/2026\/09\/artigo_pcd_2026.png\" \/>\n\t\t<meta property=\"og:image:width\" content=\"300\" \/>\n\t\t<meta property=\"og:image:height\" content=\"300\" \/>\n\t\t<meta property=\"article:published_time\" content=\"2026-09-01T12:21:13+00:00\" \/>\n\t\t<meta property=\"article:modified_time\" content=\"2026-09-01T12:33:51+00:00\" \/>\n\t\t<meta property=\"article:publisher\" content=\"https:\/\/www.facebook.com\/rhevistarh\" \/>\n\t\t<meta name=\"twitter:card\" content=\"summary_large_image\" \/>\n\t\t<meta name=\"twitter:site\" content=\"@RHevistaRH\" \/>\n\t\t<meta name=\"twitter:title\" content=\"Setembro Verde: inclus\u00e3o de PcD come\u00e7a quando a empresa deixa de olhar apenas para a cota \u2192 Revista RH\" \/>\n\t\t<meta name=\"twitter:description\" content=\"No ambiente de trabalho, ainda \u00e9 comum reduzir o debate \u00e0 reserva legal de vagas. A chamada Lei de Cotas exige que empresas com 100 ou mais empregados preencham de 2% a 5% de seus cargos com pessoas com defici\u00eancia ou benefici\u00e1rios reabilitados da Previd\u00eancia Social, conforme o porte da organiza\u00e7\u00e3o.\" \/>\n\t\t<meta name=\"twitter:creator\" content=\"@RHevistaRH\" \/>\n\t\t<meta name=\"twitter:image\" content=\"https:\/\/rhevistarh.com.br\/portal\/wp-content\/uploads\/2026\/09\/artigo_pcd_2026.png\" \/>\n\t\t<script type=\"application\/ld+json\" class=\"aioseo-schema\">\n\t\t\t{\"@context\":\"https:\\\/\\\/schema.org\",\"@graph\":[{\"@type\":\"BlogPosting\",\"@id\":\"https:\\\/\\\/rhevistarh.com.br\\\/portal\\\/setembro-verde-inclusao-de-pcd-comeca-quando-a-empresa-deixa-de-olhar-apenas-para-a-cot\\\/#blogposting\",\"name\":\"Setembro Verde: inclus\\u00e3o de PcD come\\u00e7a quando a empresa deixa de olhar apenas para a cota \\u2192 Revista RH\",\"headline\":\"Setembro Verde: inclus\\u00e3o de PcD come\\u00e7a quando a empresa deixa de olhar apenas para a cota\",\"author\":{\"@id\":\"https:\\\/\\\/rhevistarh.com.br\\\/portal\\\/author\\\/rhevista-rh\\\/#author\"},\"publisher\":{\"@id\":\"https:\\\/\\\/rhevistarh.com.br\\\/portal\\\/#organization\"},\"image\":{\"@type\":\"ImageObject\",\"url\":\"https:\\\/\\\/rhevistarh.com.br\\\/portal\\\/wp-content\\\/uploads\\\/2026\\\/09\\\/artigo_pcd_2026.png\",\"width\":300,\"height\":300},\"datePublished\":\"2026-09-01T09:21:13-03:00\",\"dateModified\":\"2026-09-01T09:33:51-03:00\",\"inLanguage\":\"pt-BR\",\"mainEntityOfPage\":{\"@id\":\"https:\\\/\\\/rhevistarh.com.br\\\/portal\\\/setembro-verde-inclusao-de-pcd-comeca-quando-a-empresa-deixa-de-olhar-apenas-para-a-cot\\\/#webpage\"},\"isPartOf\":{\"@id\":\"https:\\\/\\\/rhevistarh.com.br\\\/portal\\\/setembro-verde-inclusao-de-pcd-comeca-quando-a-empresa-deixa-de-olhar-apenas-para-a-cot\\\/#webpage\"},\"articleSection\":\"Not\\u00edcias, Destaque, Inclus\\u00e3o, PCD, Setembro Verde\"},{\"@type\":\"BreadcrumbList\",\"@id\":\"https:\\\/\\\/rhevistarh.com.br\\\/portal\\\/setembro-verde-inclusao-de-pcd-comeca-quando-a-empresa-deixa-de-olhar-apenas-para-a-cot\\\/#breadcrumblist\",\"itemListElement\":[{\"@type\":\"ListItem\",\"@id\":\"https:\\\/\\\/rhevistarh.com.br\\\/portal#listItem\",\"position\":1,\"name\":\"Home\",\"item\":\"https:\\\/\\\/rhevistarh.com.br\\\/portal\",\"nextItem\":{\"@type\":\"ListItem\",\"@id\":\"https:\\\/\\\/rhevistarh.com.br\\\/portal\\\/category\\\/noticias\\\/#listItem\",\"name\":\"Not\\u00edcias\"}},{\"@type\":\"ListItem\",\"@id\":\"https:\\\/\\\/rhevistarh.com.br\\\/portal\\\/category\\\/noticias\\\/#listItem\",\"position\":2,\"name\":\"Not\\u00edcias\",\"item\":\"https:\\\/\\\/rhevistarh.com.br\\\/portal\\\/category\\\/noticias\\\/\",\"nextItem\":{\"@type\":\"ListItem\",\"@id\":\"https:\\\/\\\/rhevistarh.com.br\\\/portal\\\/setembro-verde-inclusao-de-pcd-comeca-quando-a-empresa-deixa-de-olhar-apenas-para-a-cot\\\/#listItem\",\"name\":\"Setembro Verde: inclus\\u00e3o de PcD come\\u00e7a quando a empresa deixa de olhar apenas para a cota\"},\"previousItem\":{\"@type\":\"ListItem\",\"@id\":\"https:\\\/\\\/rhevistarh.com.br\\\/portal#listItem\",\"name\":\"Home\"}},{\"@type\":\"ListItem\",\"@id\":\"https:\\\/\\\/rhevistarh.com.br\\\/portal\\\/setembro-verde-inclusao-de-pcd-comeca-quando-a-empresa-deixa-de-olhar-apenas-para-a-cot\\\/#listItem\",\"position\":3,\"name\":\"Setembro Verde: inclus\\u00e3o de PcD come\\u00e7a quando a empresa deixa de olhar apenas para a cota\",\"previousItem\":{\"@type\":\"ListItem\",\"@id\":\"https:\\\/\\\/rhevistarh.com.br\\\/portal\\\/category\\\/noticias\\\/#listItem\",\"name\":\"Not\\u00edcias\"}}]},{\"@type\":\"Organization\",\"@id\":\"https:\\\/\\\/rhevistarh.com.br\\\/portal\\\/#organization\",\"name\":\"ABF Gente & Gest\\u00e3o\",\"description\":\"Portal de Gente & Gest\\u00e3o\",\"url\":\"https:\\\/\\\/rhevistarh.com.br\\\/portal\\\/\",\"telephone\":\"+5511945077952\",\"logo\":{\"@type\":\"ImageObject\",\"url\":\"https:\\\/\\\/www.rhevistarh.com.br\\\/portal\\\/wp-content\\\/uploads\\\/2022\\\/06\\\/cropped-logo_rhevistarh-3.png\",\"@id\":\"https:\\\/\\\/rhevistarh.com.br\\\/portal\\\/setembro-verde-inclusao-de-pcd-comeca-quando-a-empresa-deixa-de-olhar-apenas-para-a-cot\\\/#organizationLogo\"},\"image\":{\"@id\":\"https:\\\/\\\/rhevistarh.com.br\\\/portal\\\/setembro-verde-inclusao-de-pcd-comeca-quando-a-empresa-deixa-de-olhar-apenas-para-a-cot\\\/#organizationLogo\"},\"sameAs\":[\"https:\\\/\\\/www.facebook.com\\\/rhevistarh\",\"https:\\\/\\\/twitter.com\\\/RHevistaRH\",\"https:\\\/\\\/www.linkedin.com\\\/company\\\/22343408\",\"https:\\\/\\\/www.linkedin.com\\\/groups\\\/2990212\\\/\"]},{\"@type\":\"Person\",\"@id\":\"https:\\\/\\\/rhevistarh.com.br\\\/portal\\\/author\\\/rhevista-rh\\\/#author\",\"url\":\"https:\\\/\\\/rhevistarh.com.br\\\/portal\\\/author\\\/rhevista-rh\\\/\",\"name\":\"Revista RH\",\"image\":{\"@type\":\"ImageObject\",\"@id\":\"https:\\\/\\\/rhevistarh.com.br\\\/portal\\\/setembro-verde-inclusao-de-pcd-comeca-quando-a-empresa-deixa-de-olhar-apenas-para-a-cot\\\/#authorImage\",\"url\":\"https:\\\/\\\/secure.gravatar.com\\\/avatar\\\/5963e8af5ed720ec27ac37bc2f58e93488dfb8f0e0a86a56798a7da9f817cd0c?s=96&d=blank&r=g\",\"width\":96,\"height\":96,\"caption\":\"Revista RH\"}},{\"@type\":\"WebPage\",\"@id\":\"https:\\\/\\\/rhevistarh.com.br\\\/portal\\\/setembro-verde-inclusao-de-pcd-comeca-quando-a-empresa-deixa-de-olhar-apenas-para-a-cot\\\/#webpage\",\"url\":\"https:\\\/\\\/rhevistarh.com.br\\\/portal\\\/setembro-verde-inclusao-de-pcd-comeca-quando-a-empresa-deixa-de-olhar-apenas-para-a-cot\\\/\",\"name\":\"Setembro Verde: inclus\\u00e3o de PcD come\\u00e7a quando a empresa deixa de olhar apenas para a cota \\u2192 Revista RH\",\"description\":\"No ambiente de trabalho, ainda \\u00e9 comum reduzir o debate \\u00e0 reserva legal de vagas. A chamada Lei de Cotas exige que empresas com 100 ou mais empregados preencham de 2% a 5% de seus cargos com pessoas com defici\\u00eancia ou benefici\\u00e1rios reabilitados da Previd\\u00eancia Social, conforme o porte da organiza\\u00e7\\u00e3o.\",\"inLanguage\":\"pt-BR\",\"isPartOf\":{\"@id\":\"https:\\\/\\\/rhevistarh.com.br\\\/portal\\\/#website\"},\"breadcrumb\":{\"@id\":\"https:\\\/\\\/rhevistarh.com.br\\\/portal\\\/setembro-verde-inclusao-de-pcd-comeca-quando-a-empresa-deixa-de-olhar-apenas-para-a-cot\\\/#breadcrumblist\"},\"author\":{\"@id\":\"https:\\\/\\\/rhevistarh.com.br\\\/portal\\\/author\\\/rhevista-rh\\\/#author\"},\"creator\":{\"@id\":\"https:\\\/\\\/rhevistarh.com.br\\\/portal\\\/author\\\/rhevista-rh\\\/#author\"},\"image\":{\"@type\":\"ImageObject\",\"url\":\"https:\\\/\\\/rhevistarh.com.br\\\/portal\\\/wp-content\\\/uploads\\\/2026\\\/09\\\/artigo_pcd_2026.png\",\"@id\":\"https:\\\/\\\/rhevistarh.com.br\\\/portal\\\/setembro-verde-inclusao-de-pcd-comeca-quando-a-empresa-deixa-de-olhar-apenas-para-a-cot\\\/#mainImage\",\"width\":300,\"height\":300},\"primaryImageOfPage\":{\"@id\":\"https:\\\/\\\/rhevistarh.com.br\\\/portal\\\/setembro-verde-inclusao-de-pcd-comeca-quando-a-empresa-deixa-de-olhar-apenas-para-a-cot\\\/#mainImage\"},\"datePublished\":\"2026-09-01T09:21:13-03:00\",\"dateModified\":\"2026-09-01T09:33:51-03:00\"},{\"@type\":\"WebSite\",\"@id\":\"https:\\\/\\\/rhevistarh.com.br\\\/portal\\\/#website\",\"url\":\"https:\\\/\\\/rhevistarh.com.br\\\/portal\\\/\",\"name\":\"Revista RH\",\"alternateName\":\"RHevista RH\",\"description\":\"Portal de Gente & Gest\\u00e3o\",\"inLanguage\":\"pt-BR\",\"publisher\":{\"@id\":\"https:\\\/\\\/rhevistarh.com.br\\\/portal\\\/#organization\"}}]}\n\t\t<\/script>\n\t\t<!-- All in One SEO -->\n\n","aioseo_head_json":{"title":"Setembro Verde: inclus\u00e3o de PcD come\u00e7a quando a empresa deixa de olhar apenas para a cota \u2192 Revista RH","description":"No ambiente de trabalho, ainda \u00e9 comum reduzir o debate \u00e0 reserva legal de vagas. A chamada Lei de Cotas exige que empresas com 100 ou mais empregados preencham de 2% a 5% de seus cargos com pessoas com defici\u00eancia ou benefici\u00e1rios reabilitados da Previd\u00eancia Social, conforme o porte da organiza\u00e7\u00e3o.","canonical_url":"https:\/\/rhevistarh.com.br\/portal\/setembro-verde-inclusao-de-pcd-comeca-quando-a-empresa-deixa-de-olhar-apenas-para-a-cot\/","robots":"max-image-preview:large","keywords":"","webmasterTools":{"miscellaneous":""},"schema":{"@context":"https:\/\/schema.org","@graph":[{"@type":"BlogPosting","@id":"https:\/\/rhevistarh.com.br\/portal\/setembro-verde-inclusao-de-pcd-comeca-quando-a-empresa-deixa-de-olhar-apenas-para-a-cot\/#blogposting","name":"Setembro Verde: inclus\u00e3o de PcD come\u00e7a quando a empresa deixa de olhar apenas para a cota \u2192 Revista RH","headline":"Setembro Verde: inclus\u00e3o de PcD come\u00e7a quando a empresa deixa de olhar apenas para a cota","author":{"@id":"https:\/\/rhevistarh.com.br\/portal\/author\/rhevista-rh\/#author"},"publisher":{"@id":"https:\/\/rhevistarh.com.br\/portal\/#organization"},"image":{"@type":"ImageObject","url":"https:\/\/rhevistarh.com.br\/portal\/wp-content\/uploads\/2026\/09\/artigo_pcd_2026.png","width":300,"height":300},"datePublished":"2026-09-01T09:21:13-03:00","dateModified":"2026-09-01T09:33:51-03:00","inLanguage":"pt-BR","mainEntityOfPage":{"@id":"https:\/\/rhevistarh.com.br\/portal\/setembro-verde-inclusao-de-pcd-comeca-quando-a-empresa-deixa-de-olhar-apenas-para-a-cot\/#webpage"},"isPartOf":{"@id":"https:\/\/rhevistarh.com.br\/portal\/setembro-verde-inclusao-de-pcd-comeca-quando-a-empresa-deixa-de-olhar-apenas-para-a-cot\/#webpage"},"articleSection":"Not\u00edcias, Destaque, Inclus\u00e3o, PCD, Setembro Verde"},{"@type":"BreadcrumbList","@id":"https:\/\/rhevistarh.com.br\/portal\/setembro-verde-inclusao-de-pcd-comeca-quando-a-empresa-deixa-de-olhar-apenas-para-a-cot\/#breadcrumblist","itemListElement":[{"@type":"ListItem","@id":"https:\/\/rhevistarh.com.br\/portal#listItem","position":1,"name":"Home","item":"https:\/\/rhevistarh.com.br\/portal","nextItem":{"@type":"ListItem","@id":"https:\/\/rhevistarh.com.br\/portal\/category\/noticias\/#listItem","name":"Not\u00edcias"}},{"@type":"ListItem","@id":"https:\/\/rhevistarh.com.br\/portal\/category\/noticias\/#listItem","position":2,"name":"Not\u00edcias","item":"https:\/\/rhevistarh.com.br\/portal\/category\/noticias\/","nextItem":{"@type":"ListItem","@id":"https:\/\/rhevistarh.com.br\/portal\/setembro-verde-inclusao-de-pcd-comeca-quando-a-empresa-deixa-de-olhar-apenas-para-a-cot\/#listItem","name":"Setembro Verde: inclus\u00e3o de PcD come\u00e7a quando a empresa deixa de olhar apenas para a cota"},"previousItem":{"@type":"ListItem","@id":"https:\/\/rhevistarh.com.br\/portal#listItem","name":"Home"}},{"@type":"ListItem","@id":"https:\/\/rhevistarh.com.br\/portal\/setembro-verde-inclusao-de-pcd-comeca-quando-a-empresa-deixa-de-olhar-apenas-para-a-cot\/#listItem","position":3,"name":"Setembro Verde: inclus\u00e3o de PcD come\u00e7a quando a empresa deixa de olhar apenas para a cota","previousItem":{"@type":"ListItem","@id":"https:\/\/rhevistarh.com.br\/portal\/category\/noticias\/#listItem","name":"Not\u00edcias"}}]},{"@type":"Organization","@id":"https:\/\/rhevistarh.com.br\/portal\/#organization","name":"ABF Gente & Gest\u00e3o","description":"Portal de Gente & Gest\u00e3o","url":"https:\/\/rhevistarh.com.br\/portal\/","telephone":"+5511945077952","logo":{"@type":"ImageObject","url":"https:\/\/www.rhevistarh.com.br\/portal\/wp-content\/uploads\/2022\/06\/cropped-logo_rhevistarh-3.png","@id":"https:\/\/rhevistarh.com.br\/portal\/setembro-verde-inclusao-de-pcd-comeca-quando-a-empresa-deixa-de-olhar-apenas-para-a-cot\/#organizationLogo"},"image":{"@id":"https:\/\/rhevistarh.com.br\/portal\/setembro-verde-inclusao-de-pcd-comeca-quando-a-empresa-deixa-de-olhar-apenas-para-a-cot\/#organizationLogo"},"sameAs":["https:\/\/www.facebook.com\/rhevistarh","https:\/\/twitter.com\/RHevistaRH","https:\/\/www.linkedin.com\/company\/22343408","https:\/\/www.linkedin.com\/groups\/2990212\/"]},{"@type":"Person","@id":"https:\/\/rhevistarh.com.br\/portal\/author\/rhevista-rh\/#author","url":"https:\/\/rhevistarh.com.br\/portal\/author\/rhevista-rh\/","name":"Revista RH","image":{"@type":"ImageObject","@id":"https:\/\/rhevistarh.com.br\/portal\/setembro-verde-inclusao-de-pcd-comeca-quando-a-empresa-deixa-de-olhar-apenas-para-a-cot\/#authorImage","url":"https:\/\/secure.gravatar.com\/avatar\/5963e8af5ed720ec27ac37bc2f58e93488dfb8f0e0a86a56798a7da9f817cd0c?s=96&d=blank&r=g","width":96,"height":96,"caption":"Revista RH"}},{"@type":"WebPage","@id":"https:\/\/rhevistarh.com.br\/portal\/setembro-verde-inclusao-de-pcd-comeca-quando-a-empresa-deixa-de-olhar-apenas-para-a-cot\/#webpage","url":"https:\/\/rhevistarh.com.br\/portal\/setembro-verde-inclusao-de-pcd-comeca-quando-a-empresa-deixa-de-olhar-apenas-para-a-cot\/","name":"Setembro Verde: inclus\u00e3o de PcD come\u00e7a quando a empresa deixa de olhar apenas para a cota \u2192 Revista RH","description":"No ambiente de trabalho, ainda \u00e9 comum reduzir o debate \u00e0 reserva legal de vagas. A chamada Lei de Cotas exige que empresas com 100 ou mais empregados preencham de 2% a 5% de seus cargos com pessoas com defici\u00eancia ou benefici\u00e1rios reabilitados da Previd\u00eancia Social, conforme o porte da organiza\u00e7\u00e3o.","inLanguage":"pt-BR","isPartOf":{"@id":"https:\/\/rhevistarh.com.br\/portal\/#website"},"breadcrumb":{"@id":"https:\/\/rhevistarh.com.br\/portal\/setembro-verde-inclusao-de-pcd-comeca-quando-a-empresa-deixa-de-olhar-apenas-para-a-cot\/#breadcrumblist"},"author":{"@id":"https:\/\/rhevistarh.com.br\/portal\/author\/rhevista-rh\/#author"},"creator":{"@id":"https:\/\/rhevistarh.com.br\/portal\/author\/rhevista-rh\/#author"},"image":{"@type":"ImageObject","url":"https:\/\/rhevistarh.com.br\/portal\/wp-content\/uploads\/2026\/09\/artigo_pcd_2026.png","@id":"https:\/\/rhevistarh.com.br\/portal\/setembro-verde-inclusao-de-pcd-comeca-quando-a-empresa-deixa-de-olhar-apenas-para-a-cot\/#mainImage","width":300,"height":300},"primaryImageOfPage":{"@id":"https:\/\/rhevistarh.com.br\/portal\/setembro-verde-inclusao-de-pcd-comeca-quando-a-empresa-deixa-de-olhar-apenas-para-a-cot\/#mainImage"},"datePublished":"2026-09-01T09:21:13-03:00","dateModified":"2026-09-01T09:33:51-03:00"},{"@type":"WebSite","@id":"https:\/\/rhevistarh.com.br\/portal\/#website","url":"https:\/\/rhevistarh.com.br\/portal\/","name":"Revista RH","alternateName":"RHevista RH","description":"Portal de Gente & Gest\u00e3o","inLanguage":"pt-BR","publisher":{"@id":"https:\/\/rhevistarh.com.br\/portal\/#organization"}}]},"og:locale":"pt_BR","og:site_name":"Revista RH \u2192 Portal de Gente &amp; Gest\u00e3o","og:type":"article","og:title":"Setembro Verde: inclus\u00e3o de PcD come\u00e7a quando a empresa deixa de olhar apenas para a cota \u2192 Revista RH","og:description":"No ambiente de trabalho, ainda \u00e9 comum reduzir o debate \u00e0 reserva legal de vagas. A chamada Lei de Cotas exige que empresas com 100 ou mais empregados preencham de 2% a 5% de seus cargos com pessoas com defici\u00eancia ou benefici\u00e1rios reabilitados da Previd\u00eancia Social, conforme o porte da organiza\u00e7\u00e3o.","og:url":"https:\/\/rhevistarh.com.br\/portal\/setembro-verde-inclusao-de-pcd-comeca-quando-a-empresa-deixa-de-olhar-apenas-para-a-cot\/","og:image":"https:\/\/rhevistarh.com.br\/portal\/wp-content\/uploads\/2026\/09\/artigo_pcd_2026.png","og:image:secure_url":"https:\/\/rhevistarh.com.br\/portal\/wp-content\/uploads\/2026\/09\/artigo_pcd_2026.png","og:image:width":300,"og:image:height":300,"article:published_time":"2026-09-01T12:21:13+00:00","article:modified_time":"2026-09-01T12:33:51+00:00","article:publisher":"https:\/\/www.facebook.com\/rhevistarh","twitter:card":"summary_large_image","twitter:site":"@RHevistaRH","twitter:title":"Setembro Verde: inclus\u00e3o de PcD come\u00e7a quando a empresa deixa de olhar apenas para a cota \u2192 Revista RH","twitter:description":"No ambiente de trabalho, ainda \u00e9 comum reduzir o debate \u00e0 reserva legal de vagas. A chamada Lei de Cotas exige que empresas com 100 ou mais empregados preencham de 2% a 5% de seus cargos com pessoas com defici\u00eancia ou benefici\u00e1rios reabilitados da Previd\u00eancia Social, conforme o porte da organiza\u00e7\u00e3o.","twitter:creator":"@RHevistaRH","twitter:image":"https:\/\/rhevistarh.com.br\/portal\/wp-content\/uploads\/2026\/09\/artigo_pcd_2026.png"},"aioseo_meta_data":{"post_id":"80290","title":null,"description":null,"keywords":null,"keyphrases":{"focus":{"keyphrase":"","score":0,"analysis":{"keyphraseInTitle":{"score":0,"maxScore":9,"error":1}}},"additional":[]},"primary_term":null,"canonical_url":null,"og_title":null,"og_description":null,"og_object_type":"default","og_image_type":"default","og_image_url":null,"og_image_width":null,"og_image_height":null,"og_image_custom_url":null,"og_image_custom_fields":null,"og_video":"","og_custom_url":null,"og_article_section":null,"og_article_tags":null,"twitter_use_og":false,"twitter_card":"default","twitter_image_type":"default","twitter_image_url":null,"twitter_image_custom_url":null,"twitter_image_custom_fields":null,"twitter_title":null,"twitter_description":null,"schema":{"blockGraphs":[],"customGraphs":[],"default":{"data":{"Article":[],"Course":[],"Dataset":[],"FAQPage":[],"Movie":[],"Person":[],"Product":[],"ProductReview":[],"Car":[],"Recipe":[],"Service":[],"SoftwareApplication":[],"WebPage":[]},"graphName":"BlogPosting","isEnabled":true},"graphs":[]},"schema_type":"default","schema_type_options":null,"pillar_content":false,"robots_default":true,"robots_noindex":false,"robots_noarchive":false,"robots_nosnippet":false,"robots_nofollow":false,"robots_noimageindex":false,"robots_noodp":false,"robots_notranslate":false,"robots_max_snippet":"-1","robots_max_videopreview":"-1","robots_max_imagepreview":"large","priority":null,"frequency":"default","local_seo":null,"breadcrumb_settings":null,"limit_modified_date":false,"ai":{"faqs":[],"keyPoints":[],"schemas":[],"titles":[],"descriptions":[],"socialPosts":{"email":{"subject":"","preview":"","content":""},"linkedin":[],"twitter":[],"facebook":[],"instagram":[]}},"created":"2026-09-01 12:10:17","updated":"2026-09-01 12:54:32","seo_analyzer_scan_date":null},"aioseo_breadcrumb":"<div class=\"aioseo-breadcrumbs\"><span class=\"aioseo-breadcrumb\">\n\t\t\t<a href=\"https:\/\/rhevistarh.com.br\/portal\" title=\"Home\">Home<\/a>\n\t\t<\/span><span class=\"aioseo-breadcrumb-separator\">&raquo;<\/span><span class=\"aioseo-breadcrumb\">\n\t\t\t<a href=\"https:\/\/rhevistarh.com.br\/portal\/category\/noticias\/\" title=\"Not\u00edcias\">Not\u00edcias<\/a>\n\t\t<\/span><span class=\"aioseo-breadcrumb-separator\">&raquo;<\/span><span class=\"aioseo-breadcrumb\">\n\t\t\tSetembro Verde: inclus\u00e3o de PcD come\u00e7a quando a empresa deixa de olhar apenas para a cota\n\t\t<\/span><\/div>","aioseo_breadcrumb_json":[{"label":"Home","link":"https:\/\/rhevistarh.com.br\/portal"},{"label":"Not\u00edcias","link":"https:\/\/rhevistarh.com.br\/portal\/category\/noticias\/"},{"label":"Setembro Verde: inclus\u00e3o de PcD come\u00e7a quando a empresa deixa de olhar apenas para a cota","link":"https:\/\/rhevistarh.com.br\/portal\/setembro-verde-inclusao-de-pcd-comeca-quando-a-empresa-deixa-de-olhar-apenas-para-a-cot\/"}],"_links":{"self":[{"href":"https:\/\/rhevistarh.com.br\/portal\/wp-json\/wp\/v2\/posts\/80290","targetHints":{"allow":["GET"]}}],"collection":[{"href":"https:\/\/rhevistarh.com.br\/portal\/wp-json\/wp\/v2\/posts"}],"about":[{"href":"https:\/\/rhevistarh.com.br\/portal\/wp-json\/wp\/v2\/types\/post"}],"author":[{"embeddable":true,"href":"https:\/\/rhevistarh.com.br\/portal\/wp-json\/wp\/v2\/users\/8"}],"replies":[{"embeddable":true,"href":"https:\/\/rhevistarh.com.br\/portal\/wp-json\/wp\/v2\/comments?post=80290"}],"version-history":[{"count":3,"href":"https:\/\/rhevistarh.com.br\/portal\/wp-json\/wp\/v2\/posts\/80290\/revisions"}],"predecessor-version":[{"id":80296,"href":"https:\/\/rhevistarh.com.br\/portal\/wp-json\/wp\/v2\/posts\/80290\/revisions\/80296"}],"wp:featuredmedia":[{"embeddable":true,"href":"https:\/\/rhevistarh.com.br\/portal\/wp-json\/wp\/v2\/media\/80298"}],"wp:attachment":[{"href":"https:\/\/rhevistarh.com.br\/portal\/wp-json\/wp\/v2\/media?parent=80290"}],"wp:term":[{"taxonomy":"category","embeddable":true,"href":"https:\/\/rhevistarh.com.br\/portal\/wp-json\/wp\/v2\/categories?post=80290"},{"taxonomy":"post_tag","embeddable":true,"href":"https:\/\/rhevistarh.com.br\/portal\/wp-json\/wp\/v2\/tags?post=80290"}],"curies":[{"name":"wp","href":"https:\/\/api.w.org\/{rel}","templated":true}]}}